[{"@context":"https:\/\/schema.org\/","@type":"Article","@id":"https:\/\/www.ledeo.cz\/prijemne-posezeni\/#Article","mainEntityOfPage":"https:\/\/www.ledeo.cz\/prijemne-posezeni\/","headline":"P\u0159\u00edjemn\u00e9 posezen\u00ed","name":"P\u0159\u00edjemn\u00e9 posezen\u00ed","description":"Lid\u00e9 se zpravidla posad\u00ed r\u00e1di. Pokud se tedy posad\u00ed sami tam, kam se posadit cht\u011bj\u00ed, pokud je nepo\u0161le sed\u011bt soud za katr. Mnoz\u00ed z n\u00e1s se toti\u017e den co den n\u011bco nab\u011bhaj\u00ed, aby zvl\u00e1dli v\u0161echny sv\u00e9 povinnosti, a kdy\u017e pak doraz\u00ed dom\u016f nebo na jin\u00e9 m\u00edsto, kde si lze odpo\u010dinout, vezmou zavd\u011bk alespo\u0148 krati\u010dk\u00fdm usazen\u00edm [&hellip;]","datePublished":"2018-12-22","dateModified":"2023-05-07","author":{"@type":"Person","@id":"https:\/\/www.ledeo.cz\/author\/#Person","name":"","url":"https:\/\/www.ledeo.cz\/author\/","identifier":1,"image":{"@type":"ImageObject","@id":"https:\/\/secure.gravatar.com\/avatar\/baa231f7e1963b29d6549eb0e137b049d877d4e97c51386f463c7d4fc98329bd?s=96&d=mm&r=g","url":"https:\/\/secure.gravatar.com\/avatar\/baa231f7e1963b29d6549eb0e137b049d877d4e97c51386f463c7d4fc98329bd?s=96&d=mm&r=g","height":96,"width":96}},"publisher":{"@type":"Organization","name":"ledeo.cz","logo":{"@type":"ImageObject","@id":"\/logo.png","url":"\/logo.png","width":600,"height":60}},"image":{"@type":"ImageObject","@id":"https:\/\/www.ledeo.cz\/wp-content\/uploads\/img_a332918_w2256_t1546027692.jpg","url":"https:\/\/www.ledeo.cz\/wp-content\/uploads\/img_a332918_w2256_t1546027692.jpg","height":0,"width":0},"url":"https:\/\/www.ledeo.cz\/prijemne-posezeni\/","wordCount":510,"articleBody":"Lid\u00e9 se zpravidla posad\u00ed r\u00e1di. Pokud se tedy posad\u00ed sami tam, kam se posadit cht\u011bj\u00ed, pokud je nepo\u0161le sed\u011bt soud za katr. Mnoz\u00ed z n\u00e1s se toti\u017e den co den n\u011bco nab\u011bhaj\u00ed, aby zvl\u00e1dli v\u0161echny sv\u00e9 povinnosti, a kdy\u017e pak doraz\u00ed dom\u016f nebo na jin\u00e9 m\u00edsto, kde si lze odpo\u010dinout, vezmou zavd\u011bk alespo\u0148 krati\u010dk\u00fdm usazen\u00edm se spojen\u00fdm s relaxac\u00ed a \u010derp\u00e1n\u00edm nov\u00fdch sil. A i ti, kdo toho zrovna moc nenab\u011bhaj\u00ed, se posad\u00ed r\u00e1di. Tu t\u0159eba u t\u00e1borov\u00e9ho ohn\u011b, tu v restauraci, tu na zahr\u00e1dce pod slune\u010dn\u00edkem a tu na pa\u0159ez uprost\u0159ed lesa, tu na n\u011bjakou \u017eidli. A nej\u010dast\u011bji a tak\u00e9 nejpohodln\u011bji se jeden usad\u00ed na pravou a nefal\u0161ovanou seda\u010dku. Onou seda\u010dkou pochopiteln\u011b nemysl\u00edm tu od bicyklu nebo v aut\u011b, n\u00fdbr\u017e onen kus n\u00e1bytku, j\u00edm\u017e na\u0161e dom\u00e1cnosti \u010dasto opl\u00fdvaj\u00ed. \u010clov\u011bk p\u0159ijde dom\u016f, svl\u00e9kne ze sebe svr\u0161ky a d\u0159epne si na takovou seda\u010dku. A vz\u00e1p\u011bt\u00ed by ho m\u011bl opanovat pocit bla\u017eenosti. M\u011bl by se rozvalen na tomto kusu n\u00e1bytku c\u00edtit jako v r\u00e1ji. M\u011bl by. Proto\u017ee dnes u\u017e jsou takov\u00e9 seda\u010dky b\u011b\u017en\u011b k m\u00e1n\u00ed a nen\u00ed \u017e\u00e1dn\u00fd probl\u00e9m si z t\u011bch nab\u00edzen\u00fdch vybrat tu pravou. Tu, kter\u00e1 je kr\u00e1sn\u00e1, ale nejen to. Proto\u017ee podobn\u011b jako u lid\u00ed nez\u00e1le\u017e\u00ed ani u seda\u010dek jenom na jejich vzhledu. N\u011bkomu jde v\u00fdhradn\u011b o to, aby si na t\u00e9to posed\u011bl, ne\u017e si zase p\u016fjde svou cestou, ov\u0161em jsou mezi n\u00e1mi i tac\u00ed, kdo na tento kus n\u00e1bytku kladou i dal\u0161\u00ed n\u00e1roky. N\u011bkomu je zapot\u0159eb\u00ed, aby se na jeho pohovce dalo nejen sed\u011bt, ale i sp\u00e1t, a proto vol\u00ed seda\u010dku rozkl\u00e1dac\u00ed, je\u017e jako postel poslou\u017eit dok\u00e1\u017ee a z\u00e1rove\u0148 nezab\u00edr\u00e1 ani p\u0159\u00edli\u0161 mnoho m\u00edsta. Jin\u00fd chce pohovku oby\u010dejnou a men\u0161\u00ed, aby se mu do jeho bytu zv\u00edc\u00edho velikosti kr\u00e1l\u00edk\u00e1rny tato ve\u0161la, jin\u00fd chce pro zm\u011bnu n\u011bjakou v\u011bt\u0161\u00ed, to aby se na ni ve\u0161la p\u0159ed televizn\u00ed obrazovkou jeho cel\u00e1 tuze po\u010detn\u00e1 rodina i s p\u0159\u00edpadn\u00fdmi hosty, dal\u0161\u00ed chce hlavn\u011b ten spr\u00e1vn\u00fd vzhled, aby mu jeho pohovka ladila s t\u00edm ostatn\u00edm, \u010d\u00edm m\u00e1 domov za\u0159\u00edzen\u00fd. Zd\u00e1 se to b\u00fdt slo\u017eit\u00e9, ale v\u011b\u0159te, \u017ee d\u00edky  tomu tak nen\u00ed. Proto\u017ee zde naleznete tolik rozmanit\u00fdch kousk\u016f, \u017ee je prakticky vylou\u010deno, aby tam mezi nimi nebyl pr\u00e1v\u011b i ten v\u00e1\u0161. Ten, na kter\u00fd se jednoho kr\u00e1sn\u00e9ho dne i vy po pr\u00e1ci s \u00falevou usad\u00edte. A v p\u0159\u00edpad\u011b spr\u00e1vn\u00e9 volby budete v m\u017eiku jako v sedm\u00e9m nebi.                                                                                                                                                                                                                                                                                                                                                                                        4.5\/5 - (10 votes)        "},{"@context":"https:\/\/schema.org\/","@type":"BreadcrumbList","itemListElement":[{"@type":"ListItem","position":1,"name":"P\u0159\u00edjemn\u00e9 posezen\u00ed","item":"https:\/\/www.ledeo.cz\/prijemne-posezeni\/#breadcrumbitem"}]}]