[{"@context":"https:\/\/schema.org\/","@type":"Article","@id":"https:\/\/www.ledeo.cz\/pohodli-na-prvnim-miste\/#Article","mainEntityOfPage":"https:\/\/www.ledeo.cz\/pohodli-na-prvnim-miste\/","headline":"Pohodl\u00ed na prvn\u00edm m\u00edst\u011b","name":"Pohodl\u00ed na prvn\u00edm m\u00edst\u011b","description":"Pokud byste cht\u011bli svou dom\u00e1cnost n\u011bjak\u00fdm zp\u016fsobem vylep\u0161it, m\u00e1te mnoho zp\u016fsob\u016f. Jestli\u017ee jste ale nechali do sv\u00e9ho bytu nainstalovat nap\u0159\u00edklad plovouc\u00ed a jin\u00e9 podlahy, kter\u00e9 neh\u0159ej\u00ed, pak mo\u017en\u00e1 m\u00e1te probl\u00e9m s t\u00edm, \u017ee je v\u00e1m zima i p\u0159i teplej\u0161\u00edm l\u00e9t\u011b. N\u011bkdy to m\u016f\u017ee b\u00fdt p\u0159\u00edjemn\u00e9, av\u0161ak p\u0159i v\u011bt\u0161\u00edm poklesu teplot v\u00e1m ji\u017e bude zima, co\u017e [&hellip;]","datePublished":"2025-08-29","dateModified":"2025-08-29","author":{"@type":"Person","@id":"https:\/\/www.ledeo.cz\/author\/#Person","name":"","url":"https:\/\/www.ledeo.cz\/author\/","identifier":1,"image":{"@type":"ImageObject","@id":"https:\/\/secure.gravatar.com\/avatar\/baa231f7e1963b29d6549eb0e137b049d877d4e97c51386f463c7d4fc98329bd?s=96&d=mm&r=g","url":"https:\/\/secure.gravatar.com\/avatar\/baa231f7e1963b29d6549eb0e137b049d877d4e97c51386f463c7d4fc98329bd?s=96&d=mm&r=g","height":96,"width":96}},"publisher":{"@type":"Organization","name":"ledeo.cz","logo":{"@type":"ImageObject","@id":"\/logo.png","url":"\/logo.png","width":600,"height":60}},"url":"https:\/\/www.ledeo.cz\/pohodli-na-prvnim-miste\/","wordCount":240,"articleBody":"Pokud byste cht\u011bli svou dom\u00e1cnost n\u011bjak\u00fdm zp\u016fsobem vylep\u0161it, m\u00e1te mnoho zp\u016fsob\u016f. Jestli\u017ee jste ale nechali do sv\u00e9ho bytu nainstalovat nap\u0159\u00edklad plovouc\u00ed a jin\u00e9 podlahy, kter\u00e9 neh\u0159ej\u00ed, pak mo\u017en\u00e1 m\u00e1te probl\u00e9m s t\u00edm, \u017ee je v\u00e1m zima i p\u0159i teplej\u0161\u00edm l\u00e9t\u011b. N\u011bkdy to m\u016f\u017ee b\u00fdt p\u0159\u00edjemn\u00e9, av\u0161ak p\u0159i v\u011bt\u0161\u00edm poklesu teplot v\u00e1m ji\u017e bude zima, co\u017e je dokonce nezdrav\u00e9. Tento ne\u0161var m\u016f\u017eete vy\u0159e\u0161it velmi poklidn\u00fdm zp\u016fsobem, a to pr\u00e1v\u011b d\u00edky tomu, \u017ee si po\u0159\u00edd\u00edte koberec. Pokud se tak rozhodnete, otev\u0159e se v\u00e1m obrovsk\u00e1 nab\u00eddka zaj\u00edmav\u00fdch produkt\u016f.Sta\u010d\u00ed si pouze vybratZ\u00e1le\u017e\u00ed jenom na tom, co si vyberete. D\u00edky tomu, \u017ee jsou modern\u00ed koberce \u010dasto opravdu hezk\u00e9, nebude probl\u00e9m je zakomponovat do v\u0161ech va\u0161ich m\u00edstnost\u00ed. Sta\u010d\u00ed si proto po\u0159\u00eddit n\u011bjak\u00fd produkt, kter\u00fd m\u016f\u017ee m\u00edt tak\u00e9 libovoln\u00e9 rozm\u011bry. Pot\u00e9 jej um\u00edstit nap\u0159\u00edklad do ob\u00fdvac\u00edho pokoje \u010di lo\u017enice a ta prav\u00e1 pohodlnost m\u016f\u017ee za\u010d\u00edt. V\u017edy, kdy\u017e se projdete po tak p\u0159\u00edjemn\u00fdch materi\u00e1lech, kter\u00fdm je \u010dasto vlna, bude v\u00e1m p\u0159\u00edjemn\u011b a va\u0161e nohy za\u017eij\u00ed blaho v podob\u011b dokonal\u00fdch a kvalitn\u00edch materi\u00e1l\u016f.                                                                                                                                                                                                                                                                                                                                                                                                "},{"@context":"https:\/\/schema.org\/","@type":"BreadcrumbList","itemListElement":[{"@type":"ListItem","position":1,"name":"Pohodl\u00ed na prvn\u00edm m\u00edst\u011b","item":"https:\/\/www.ledeo.cz\/pohodli-na-prvnim-miste\/#breadcrumbitem"}]}]