[{"@context":"https:\/\/schema.org\/","@type":"Article","@id":"https:\/\/www.ledeo.cz\/objevte-krasu-orlicku\/#Article","mainEntityOfPage":"https:\/\/www.ledeo.cz\/objevte-krasu-orlicku\/","headline":"Objevte kr\u00e1su orl\u00ed\u010dk\u016f","name":"Objevte kr\u00e1su orl\u00ed\u010dk\u016f","description":"Tyto p\u016fvabn\u00e9 trvalky jsou domovinou i na \u010desk\u00fdch louk\u00e1ch. P\u0159\u00edrodn\u00ed druh je modrofialov\u00fd, na z\u00e1honech na\u0161ich prababi\u010dek byste obvykle na\u0161li r\u016f\u017eov\u00e9 a fialov\u00e9 orl\u00ed\u010dky. Rostliny se p\u011bstovaly u\u017e ve st\u0159edov\u011bku v&nbsp;kl\u00e1\u0161tern\u00edch zahrad\u00e1ch. Snadno se mno\u017e\u00ed v\u00fdsevem a k\u0159\u00ed\u017e\u00ed se mezi sebou. Orl\u00ed\u010dek pro\u0161el desetilet\u00edmi \u0161lechtitelsk\u00e9 pr\u00e1ce a dne\u0161n\u00ed pest\u0159e zbarven\u00e9 kulturn\u00ed hybridy jsou v\u00fdsledkem kultivace [&hellip;]","datePublished":"2019-06-02","dateModified":"2023-05-07","author":{"@type":"Person","@id":"https:\/\/www.ledeo.cz\/author\/#Person","name":"","url":"https:\/\/www.ledeo.cz\/author\/","identifier":1,"image":{"@type":"ImageObject","@id":"https:\/\/secure.gravatar.com\/avatar\/baa231f7e1963b29d6549eb0e137b049d877d4e97c51386f463c7d4fc98329bd?s=96&d=mm&r=g","url":"https:\/\/secure.gravatar.com\/avatar\/baa231f7e1963b29d6549eb0e137b049d877d4e97c51386f463c7d4fc98329bd?s=96&d=mm&r=g","height":96,"width":96}},"publisher":{"@type":"Organization","name":"ledeo.cz","logo":{"@type":"ImageObject","@id":"\/logo.png","url":"\/logo.png","width":600,"height":60}},"image":{"@type":"ImageObject","@id":"https:\/\/www.ledeo.cz\/wp-content\/uploads\/img_a346186_w2936_t1560083621.jpg","url":"https:\/\/www.ledeo.cz\/wp-content\/uploads\/img_a346186_w2936_t1560083621.jpg","height":0,"width":0},"url":"https:\/\/www.ledeo.cz\/objevte-krasu-orlicku\/","about":["D\u016fm a zahrada"],"wordCount":426,"articleBody":"Tyto p\u016fvabn\u00e9 trvalky jsou domovinou i na \u010desk\u00fdch louk\u00e1ch. P\u0159\u00edrodn\u00ed druh je modrofialov\u00fd, na z\u00e1honech na\u0161ich prababi\u010dek byste obvykle na\u0161li r\u016f\u017eov\u00e9 a fialov\u00e9 orl\u00ed\u010dky. Rostliny se p\u011bstovaly u\u017e ve st\u0159edov\u011bku v&nbsp;kl\u00e1\u0161tern\u00edch zahrad\u00e1ch. Snadno se mno\u017e\u00ed v\u00fdsevem a k\u0159\u00ed\u017e\u00ed se mezi sebou. Orl\u00ed\u010dek pro\u0161el desetilet\u00edmi \u0161lechtitelsk\u00e9 pr\u00e1ce a dne\u0161n\u00ed pest\u0159e zbarven\u00e9 kulturn\u00ed hybridy jsou v\u00fdsledkem kultivace severoamerick\u00fdch druh\u016f. Semen\u00e1\u0159sk\u00e9 podniky nab\u00edzej\u00ed&nbsp;mnoho barevn\u00fdch variet nebo dokonce dvoubarevn\u00e9 kultivary s&nbsp;odli\u0161n\u00fdm zbarven\u00edm kalichu a koruny. Podle druhu orl\u00ed\u010dky vykv\u00e9taj\u00ed od dubna do \u010dervence.Orl\u00ed\u010dky vynikaj\u00ed nejen barevnost\u00ed kv\u011bt\u016f, ale i velkou rozmanitost\u00ed tvar\u016f a velikost\u00ed list\u016f. Z&nbsp;p\u0159\u00edzemn\u00ed r\u016f\u017eice \u0161edozelen\u00fdch troj\u010detn\u00fdch list\u016f vyr\u016fstaj\u00ed v\u011btven\u00e9 lodyhy, je\u017e nesou kv\u011bty s&nbsp;n\u00e1levkovitou korunou. Jedine\u010dn\u00e1 stavba k\u0159ehk\u00e9ho kv\u011btu s elegantn\u00ed ostruhou zaujme n\u00e1v\u0161t\u011bvn\u00edky na prvn\u00ed pohled. Kv\u011bty nejsou p\u0159\u00edli\u0161 velk\u00e9, ale orl\u00ed\u010dky to doh\u00e1n\u011bj\u00ed bohatost\u00ed kveten\u00ed a vy\u0161lecht\u011bn\u00e9 hybridy h\u00fd\u0159\u00ed pestrost\u00ed barev. N\u011b\u017en\u00e1 kr\u00e1sa jednoduch\u00fdch i plnokv\u011bt\u00fdch forem se skv\u011ble dopl\u0148uje s&nbsp;denivkami, pivo\u0148kami nebo kopretinami.Jejich v\u00fd\u0161ka se pohybuje od 20 do 60 cm, tak\u017ee uplatn\u011bn\u00ed v&nbsp;zahrad\u011b je opravdu \u0161irok\u00e9: od skalek a\u017e po sm\u00ed\u0161en\u00e1 rabata. Tato graci\u00e9zn\u00ed vytrval\u00e1 rostlina se hod\u00ed nejen do p\u0159\u00edrodn\u00edch kompozic, ale i jako atraktivn\u00ed dopln\u011bk trvalkov\u00fdch nebo letni\u010dkov\u00fdch z\u00e1hon\u016f. Zvl\u00e1\u0161t\u011b vynikne jako jedine\u010dn\u00e1 solit\u00e9ra v&nbsp;p\u0159edsadb\u011b jehli\u010dnan\u016f. Vy\u0161\u0161\u00ed odr\u016fdy jsou vhodn\u00e9 i k&nbsp;\u0159ezu. Odkvetl\u00e9 a usu\u0161en\u00e9 stonky s&nbsp;plody &ndash; m\u011bch\u00fd\u0159ky &ndash; mohou b\u00fdt ozdobou such\u00fdch aran\u017em\u00e1.Orl\u00ed\u010dky jsou nen\u00e1ro\u010dn\u00e9, mrazuvzdorn\u00e9 pereny, ide\u00e1ln\u00ed pro za\u010d\u00ednaj\u00edc\u00ed p\u011bstitele. Budou vd\u011b\u010dn\u00e9 za polostinn\u00e9 stanovi\u0161t\u011b mezi ke\u0159i nebo pod \u0159id\u0161\u00edmi korunami strom\u016f, na m\u00edst\u011b, kde je p\u0159es den pohybliv\u00fd st\u00edn. Slune\u010dn\u00ed \u00fapal ani celodenn\u00ed st\u00edn jim nesv\u011bd\u010d\u00ed. Dop\u0159ejte jim dostatek slunce a propustnou, hum\u00f3zn\u00ed, nevysychavou zeminu s&nbsp;obsahem v\u00e1pn\u00edku. Po odkv\u011btu se doporu\u010duje rostliny se\u0159\u00edznout. \u0160patn\u011b sn\u00e1\u0161\u00ed p\u0159esazov\u00e1n\u00ed, proto zahradn\u00edci rad\u00ed nahradit star\u0161\u00ed rostlinu nov\u00fdm v\u00fdp\u011bstkem z&nbsp;jarn\u00edho v\u00fdsevu.&nbsp;                                                                                                                                                                                                                                                                                                                                                                                        3.6\/5 - (8 votes)        "},{"@context":"https:\/\/schema.org\/","@type":"BreadcrumbList","itemListElement":[{"@type":"ListItem","position":1,"name":"Objevte kr\u00e1su orl\u00ed\u010dk\u016f","item":"https:\/\/www.ledeo.cz\/objevte-krasu-orlicku\/#breadcrumbitem"}]}]