[{"@context":"https:\/\/schema.org\/","@type":"Article","@id":"https:\/\/www.ledeo.cz\/doba-mobilni\/#Article","mainEntityOfPage":"https:\/\/www.ledeo.cz\/doba-mobilni\/","headline":"Doba mobiln\u00ed","name":"Doba mobiln\u00ed","description":"Ano, je to tak! Kdo ho nem\u00e1 a nevyu\u017e\u00edv\u00e1, jako by nebyl! Jdete po ulici, sed\u00edte v metru, \u010di v tramvaji, nakupujete v obchod\u011b, \u010dek\u00e1te u l\u00e9ka\u0159e. V\u0161ichni mobiln\u00ed telefon, nejl\u00e9pe s aktivn\u011b vyu\u017e\u00edvan\u00fdmi daty. Anebo alespo\u0148 hovory, mnohdy o ni\u010dem, ale kdy\u017e u\u017e plat\u00edme tarif? Doba je jak\u00e1 je, komunikace tv\u00e1\u0159\u00ed v tv\u00e1\u0159 je [&hellip;]","datePublished":"2019-10-08","dateModified":"2023-05-07","author":{"@type":"Person","@id":"https:\/\/www.ledeo.cz\/author\/#Person","name":"","url":"https:\/\/www.ledeo.cz\/author\/","identifier":1,"image":{"@type":"ImageObject","@id":"https:\/\/secure.gravatar.com\/avatar\/baa231f7e1963b29d6549eb0e137b049d877d4e97c51386f463c7d4fc98329bd?s=96&d=mm&r=g","url":"https:\/\/secure.gravatar.com\/avatar\/baa231f7e1963b29d6549eb0e137b049d877d4e97c51386f463c7d4fc98329bd?s=96&d=mm&r=g","height":96,"width":96}},"publisher":{"@type":"Organization","name":"ledeo.cz","logo":{"@type":"ImageObject","@id":"\/logo.png","url":"\/logo.png","width":600,"height":60}},"image":{"@type":"ImageObject","@id":"https:\/\/www.ledeo.cz\/wp-content\/uploads\/img_a366371_w1758_t1578996784.jpg","url":"https:\/\/www.ledeo.cz\/wp-content\/uploads\/img_a366371_w1758_t1578996784.jpg","height":0,"width":0},"url":"https:\/\/www.ledeo.cz\/doba-mobilni\/","about":["Business"],"wordCount":439,"articleBody":"  Ano, je to tak! Kdo ho nem\u00e1 a nevyu\u017e\u00edv\u00e1, jako by nebyl! Jdete po ulici, sed\u00edte v metru, \u010di v tramvaji, nakupujete v obchod\u011b, \u010dek\u00e1te u l\u00e9ka\u0159e. V\u0161ichni mobiln\u00ed telefon, nejl\u00e9pe s aktivn\u011b vyu\u017e\u00edvan\u00fdmi daty. Anebo alespo\u0148 hovory, mnohdy o ni\u010dem, ale kdy\u017e u\u017e plat\u00edme tarif? Doba je jak\u00e1 je, komunikace tv\u00e1\u0159\u00ed v tv\u00e1\u0159 je minulost\u00ed a p\u0159esunula se sm\u011brem k soci\u00e1ln\u00edm s\u00edt\u00edm. Jsme schopni anonymn\u00edm u\u017eivatel\u016fm klidn\u011b uk\u00e1zat fotografie ze sv\u00e9ho soukrom\u00ed, jsme schopni s nimi prob\u00edrat i ty nejintimn\u011bj\u0161\u00ed z\u00e1le\u017eitosti a probl\u00e9my. Ale o tom nem\u00e1 b\u00fdt \u0159e\u010d, dobu nezm\u011bn\u00edme, mobiln\u00ed telefon je pro jedince nezbytn\u00fd. Ot\u00e1zkou z\u016fst\u00e1v\u00e1, jak\u00fd p\u0159\u00edstroj vyu\u017e\u00edv\u00e1te? Je to apar\u00e1t v uvozovk\u00e1ch za p\u00e1r korun, nebo \u0161pi\u010dkov\u00e1 z\u00e1le\u017eitost v \u0159\u00e1dech tis\u00edc\u016f? http:\/\/www.rozhlas.cz\/nabozenstvi\/rannislovo\/_zprava\/nasyceni-peti-tisicu&#8211;1677888 ? Pokud je druh\u00e1 varianta spr\u00e1vn\u00e1, p\u0159em\u00fd\u0161leli jste u\u017e jak sv\u00e9ho mobiln\u00edho mil\u00e1\u010dka ochr\u00e1nit? Pt\u00e1te se p\u0159ed \u010d\u00edm? No hlavn\u011b p\u0159ed po\u0161kozen\u00edm a po\u0161kr\u00e1b\u00e1n\u00edm vlivem pou\u017e\u00edv\u00e1n\u00ed. P\u00e1nov\u00e9 do kapsy u kalhot, d\u00e1my do kabelky, kde je \u00fapln\u011b v\u0161echno. Nen\u00ed divu, \u017ee zanedlouho sv\u016fj drah\u00fd telefon ani nepozn\u00e1te! Po\u0161kr\u00e1ban\u00fd displej v lep\u0161\u00edm p\u0159\u00edpad\u011b, v hor\u0161\u00edm ul\u00e1man\u00e9 rohy, nebo rovnou na odpis. Pt\u00e1te se, co d\u011blat a jak zach\u00e1zet s va\u0161\u00edm ka\u017edodenn\u00edm pomocn\u00edkem? Existuje p\u00e1r jednoduch\u00fdch rad, kter\u00e9 by m\u011bl dodr\u017eovat ka\u017ed\u00fd, komu z\u00e1le\u017e\u00ed na fyzick\u00e9m stavu telefonn\u00edho za\u0159\u00edzen\u00ed. Jd\u011bte na na\u0161e str\u00e1nky a vyb\u00edrejte. Zkuste t\u0159eba huawei p20 lite kryt, nebo designov\u00e9 pouzdro! Je to to nejmen\u0161\u00ed, co m\u016f\u017eete pro ochranu ud\u011blat. Pr\u00e1v\u011b proto, \u017ee ho v\u011b\u010dn\u011b dr\u017e\u00edte v ruk\u00e1ch, pr\u00e1v\u011b pro to, \u017ee se s n\u00edm t\u0159eba prezentujete na ve\u0159ejnosti, nen\u00ed jedno, v jak\u00e9m stavu a kondici se nach\u00e1z\u00ed. I sebedra\u017e\u0161\u00ed p\u0159\u00edstroj, kter\u00fd je po\u0161kozen\u00fd na\u0161\u00edm nevhodn\u00fdm zach\u00e1zen\u00edm, nedopln\u00ed mnohokr\u00e1t tolik pot\u0159ebnou image. A ruku na srdce, kolik z v\u00e1s si zakl\u00e1d\u00e1 na zna\u010dce, \u010di na po\u0159izovac\u00ed cen\u011b? Ur\u010dit\u011b hodn\u011b, bohu\u017eel doba je konzumn\u00ed a tak jsme mnohdy hodnoceni podle oble\u010den\u00ed, zna\u010dky bot, nebo pr\u00e1v\u011b po\u0159izovac\u00ed ceny mobiln\u00edho telefonu.                                                                                                                                                                                                                                                                                                                                                                                         2.8\/5 - (5 votes)        "},{"@context":"https:\/\/schema.org\/","@type":"BreadcrumbList","itemListElement":[{"@type":"ListItem","position":1,"name":"Doba mobiln\u00ed","item":"https:\/\/www.ledeo.cz\/doba-mobilni\/#breadcrumbitem"}]}]