[{"@context":"https:\/\/schema.org\/","@type":"Article","@id":"https:\/\/www.ledeo.cz\/chci-svuj-obrazek-na-mikinu\/#Article","mainEntityOfPage":"https:\/\/www.ledeo.cz\/chci-svuj-obrazek-na-mikinu\/","headline":"Chci sv\u016fj obr\u00e1zek na mikinu","name":"Chci sv\u016fj obr\u00e1zek na mikinu","description":"Marn\u011b sh\u00e1n\u00edte firmu, kter\u00e1 by v\u00e1m umo\u017enila um\u00edstit v\u00e1\u0161 obl\u00edben\u00fd obr\u00e1zek na mikinu? My jsme jin\u00ed. Krom\u011b rozs\u00e1hl\u00fdch zku\u0161enost\u00ed s potiskem tri\u010dek nab\u00edz\u00edme sv\u00fdm z\u00e1kazn\u00edk\u016fm i jin\u00fd druh textilu, tedy nap\u0159\u00edklad i zm\u00edn\u011bnou mikinu, na n\u00ed\u017e se nepochybn\u011b v\u00e1\u0161 obl\u00edben\u00fd obr\u00e1zek bude skv\u011ble vyj\u00edmat. Nemus\u00edte se b\u00e1t p\u0159\u00edpadn\u00fdch probl\u00e9m\u016f s p\u0159\u00edli\u0161 silnou l\u00e1tkou mikin, apod. [&hellip;]","datePublished":"2024-12-22","dateModified":"2024-12-22","author":{"@type":"Person","@id":"https:\/\/www.ledeo.cz\/author\/#Person","name":"","url":"https:\/\/www.ledeo.cz\/author\/","identifier":1,"image":{"@type":"ImageObject","@id":"https:\/\/secure.gravatar.com\/avatar\/baa231f7e1963b29d6549eb0e137b049d877d4e97c51386f463c7d4fc98329bd?s=96&d=mm&r=g","url":"https:\/\/secure.gravatar.com\/avatar\/baa231f7e1963b29d6549eb0e137b049d877d4e97c51386f463c7d4fc98329bd?s=96&d=mm&r=g","height":96,"width":96}},"publisher":{"@type":"Organization","name":"ledeo.cz","logo":{"@type":"ImageObject","@id":"\/logo.png","url":"\/logo.png","width":600,"height":60}},"url":"https:\/\/www.ledeo.cz\/chci-svuj-obrazek-na-mikinu\/","wordCount":192,"articleBody":"Marn\u011b sh\u00e1n\u00edte firmu, kter\u00e1 by v\u00e1m umo\u017enila um\u00edstit v\u00e1\u0161 obl\u00edben\u00fd obr\u00e1zek na mikinu? My jsme jin\u00ed. Krom\u011b rozs\u00e1hl\u00fdch zku\u0161enost\u00ed s potiskem tri\u010dek nab\u00edz\u00edme sv\u00fdm z\u00e1kazn\u00edk\u016fm i jin\u00fd druh textilu, tedy nap\u0159\u00edklad i zm\u00edn\u011bnou mikinu, na n\u00ed\u017e se nepochybn\u011b v\u00e1\u0161 obl\u00edben\u00fd obr\u00e1zek bude skv\u011ble vyj\u00edmat. Nemus\u00edte se b\u00e1t p\u0159\u00edpadn\u00fdch probl\u00e9m\u016f s p\u0159\u00edli\u0161 silnou l\u00e1tkou mikin, apod. N\u00e1\u0161 t\u00fdm profesion\u00e1l\u016f pro v\u00e1s zbo\u017e\u00ed p\u0159iprav\u00ed p\u0159esn\u011b dle va\u0161ich instrukc\u00ed a k va\u0161\u00ed maxim\u00e1ln\u00ed spokojenosti. Chci obr\u00e1zek, ale ne p\u0159es celou hru\u010f Nem\u00e1te r\u00e1di, kdy\u017e n\u011bkdo na oble\u010den\u00ed nos\u00ed obr\u00e1zek nebo n\u00e1pis rozeznateln\u00fd i ze sta metr\u016f? Nen\u00ed probl\u00e9m, nab\u00edz\u00edme \u0161irok\u00e9 spektrum velikost\u00ed tak, abyste si vybrali p\u0159esn\u011b tu, kter\u00e1 se v\u00e1m bude zd\u00e1t nejlep\u0161\u00ed a va\u0161e ozdoba byla viditeln\u00e1 jen z takov\u00e9 vzd\u00e1lenosti, kterou sami uzn\u00e1te za vhodn\u00e9. Poj\u010fte s n\u00e1mi do toho je\u0161t\u011b dnes.                                                                                                                                                                                                                                                                                                                                                                                        4.4\/5 - (5 votes)        "},{"@context":"https:\/\/schema.org\/","@type":"BreadcrumbList","itemListElement":[{"@type":"ListItem","position":1,"name":"Chci sv\u016fj obr\u00e1zek na mikinu","item":"https:\/\/www.ledeo.cz\/chci-svuj-obrazek-na-mikinu\/#breadcrumbitem"}]}]